{"id":1427,"date":"2012-07-28T10:12:52","date_gmt":"2012-07-28T09:12:52","guid":{"rendered":"http:\/\/www.erlanger.de\/?p=1427"},"modified":"2012-08-17T10:13:20","modified_gmt":"2012-08-17T09:13:20","slug":"alter-simpl-sommerfest-2012","status":"publish","type":"post","link":"https:\/\/www.erlanger.de\/?p=1427","title":{"rendered":"Alter Simpl-Sommerfest 2012"},"content":{"rendered":"<p>Am Freitag und Samstag 27.\/28. Juli 2012 feierten die Wirtsleute vom Grillrestaurant\/Brotzeitstuben \u201eAlter Simpl\u201c am Bohlenplatz Conny und Marc Gstader ihr beliebtes Sommerfest. Die weithin bekannte und beliebte Gastronomin Conny (von M\u00e4rz 2008 bis Juli 2011 sympathischer Servicemittelpunkt der Kitzmann-Br\u00e4uSch\u00e4nke, S\u00fcdliche Stadtmauerstra\u00dfe 25) und Alter Simpl-Inhaber Marc Gstader liefen im Herbst 2011 in den Hafen der Ehe ein. Brauchef Peter Kitzmann \u00fcberraschte die beiden damals mit einem ganz individuellen Geschenk: dem Einsatz seines Pferde bespannten Fasswagens zum n\u00e4chsten Sommerfest.<\/p>\n<p>Am Samstag, 28. Juli 2012, war es gegen 13.00 Uhr so weit: Nachdem das Brauereigespann mit den vier Kaltbl\u00fctern schon flei\u00dfig Werbung f\u00fcr den Alten Simpl und die Kitzmann Br\u00e4u in der Erlanger Innenstadt gemacht hatte, war es an Wirt Marc Gstader, ein bereitgestelltes 15 l-Fass mit Kitzmann-Jubil\u00e4umsbier 300 anzustechen. Hier Fotoimpressionen, die u. a. klar beweisen, welche ungeb\u00e4ndigte Kraft in dem beerenfruchtigen, rot gl\u00e4nzenden Schankbier steckt \u2026!<\/p>\nngg_shortcode_0_placeholder\n<p>Fotos: Sabine Ismaier<\/p>\n","protected":false},"excerpt":{"rendered":"<p>Am Freitag und Samstag 27.\/28. Juli 2012 feierten die Wirtsleute vom Grillrestaurant\/Brotzeitstuben \u201eAlter Simpl\u201c am Bohlenplatz Conny und Marc Gstader ihr beliebtes Sommerfest. Die weithin bekannte und beliebte Gastronomin Conny (von M\u00e4rz 2008 bis Juli 2011 sympathischer Servicemittelpunkt der Kitzmann-Br\u00e4uSch\u00e4nke, S\u00fcdliche Stadtmauerstra\u00dfe 25) und Alter Simpl-Inhaber Marc Gstader liefen im Herbst 2011 in den Hafen &hellip; <a href=\"https:\/\/www.erlanger.de\/?p=1427\" class=\"more-link\"><span class=\"screen-reader-text\">Alter Simpl-Sommerfest 2012<\/span> weiterlesen <span class=\"meta-nav\">&rarr;<\/span><\/a><\/p>\n","protected":false},"author":2,"featured_media":1478,"comment_status":"closed","ping_status":"closed","sticky":false,"template":"","format":"standard","meta":{"ngg_post_thumbnail":0,"footnotes":""},"categories":[6],"tags":[393,221,394,220,210,182],"class_list":["post-1427","post","type-post","status-publish","format-standard","has-post-thumbnail","hentry","category-aktuelles","tag-alter-simpl","tag-fassanstich","tag-gstader","tag-kitzmann-300","tag-kitzmann-brau","tag-rotbier-300"],"_links":{"self":[{"href":"https:\/\/www.erlanger.de\/index.php?rest_route=\/wp\/v2\/posts\/1427","targetHints":{"allow":["GET"]}}],"collection":[{"href":"https:\/\/www.erlanger.de\/index.php?rest_route=\/wp\/v2\/posts"}],"about":[{"href":"https:\/\/www.erlanger.de\/index.php?rest_route=\/wp\/v2\/types\/post"}],"author":[{"embeddable":true,"href":"https:\/\/www.erlanger.de\/index.php?rest_route=\/wp\/v2\/users\/2"}],"replies":[{"embeddable":true,"href":"https:\/\/www.erlanger.de\/index.php?rest_route=%2Fwp%2Fv2%2Fcomments&post=1427"}],"version-history":[{"count":8,"href":"https:\/\/www.erlanger.de\/index.php?rest_route=\/wp\/v2\/posts\/1427\/revisions"}],"predecessor-version":[{"id":1482,"href":"https:\/\/www.erlanger.de\/index.php?rest_route=\/wp\/v2\/posts\/1427\/revisions\/1482"}],"wp:featuredmedia":[{"embeddable":true,"href":"https:\/\/www.erlanger.de\/index.php?rest_route=\/wp\/v2\/media\/1478"}],"wp:attachment":[{"href":"https:\/\/www.erlanger.de\/index.php?rest_route=%2Fwp%2Fv2%2Fmedia&parent=1427"}],"wp:term":[{"taxonomy":"category","embeddable":true,"href":"https:\/\/www.erlanger.de\/index.php?rest_route=%2Fwp%2Fv2%2Fcategories&post=1427"},{"taxonomy":"post_tag","embeddable":true,"href":"https:\/\/www.erlanger.de\/index.php?rest_route=%2Fwp%2Fv2%2Ftags&post=1427"}],"curies":[{"name":"wp","href":"https:\/\/api.w.org\/{rel}","templated":true}]}}