{"id":1509,"date":"2012-11-14T18:42:00","date_gmt":"2012-11-14T17:42:00","guid":{"rendered":"http:\/\/www.erlanger.de\/?p=1509"},"modified":"2013-02-21T20:39:01","modified_gmt":"2013-02-21T19:39:01","slug":"european-beer-star-2012-gold-fur-kitzmann-dunkles-weisbier","status":"publish","type":"post","link":"https:\/\/www.erlanger.de\/?p=1509","title":{"rendered":"European Beer Star 2012: Gold f\u00fcr Kitzmann Dunkles Wei\u00dfbier"},"content":{"rendered":"<p>Das Dunkle Wei\u00dfbier der Privatbrauerei Kitzmann wurde mit dem European Beer Star in Gold ausgezeichnet. In seinem Jubil\u00e4umsjahr \u2013 2012 feiert Kitzmann 300 Jahre Braukunst an der S\u00fcdlichen Stadtmauerstra\u00dfe \u2013 konnte sich das Erlanger Brauhaus gegen die nationale wie internationale Konkurrenz durchsetzen. \u201eWir freuen uns ausgesprochen \u00fcber diese Auszeichnung. Mit der Goldmedaille f\u00fcr unser Dunkles Wei\u00dfbier haben die Experten der Jury bewiesen, dass sie einen ausgezeichneten Geschmack haben\u201c, erkl\u00e4rte Peter Kitzmann mit einem Augenzwinkern bei der Preisverleihung auf\u00a0 der Fachmesse BRAU Beviale in N\u00fcrnberg am 14.11.2012.<\/p>\n<p>Die 102-k\u00f6pfige Fach-Jury bestand aus Braumeistern, Bier-Sommeliers und Fachjournalisten. In insgesamt 50 Kategorien vergaben sie jeweils den Bronze-, Silber- und Gold-Award. Rund 1.366 Biere aus 45 L\u00e4ndern nahmen an dem renommierten Wettbewerb teil, der dieses Jahr bereits zum neunten Mal stattfand. In der Kategorie \u201eSouth German-Style Hefeweizen Dunkel\u201c konnte sich Kitzmann vor allen Konkurrenten behaupten. \u201eDie Auszeichnung zeigt, dass sich unser Bestreben, hochwertige und geschmackvolle Biere zu produzieren, unser Qualit\u00e4tsbewusstsein und unsere traditionelle handwerkliche Brauart auszahlen\u201c, erl\u00e4uterte Braumeister Benjamin Kloos bei der Preisverleihung.<\/p>\n<p>Auf dem Weg zum Siegertreppchen mussten die Kitzmann-Biere einem harten Wettbewerb standhalten. Die Verkostung fand am 12. Oktober 2012 bei der Brauakademie Doemens in Gr\u00e4felfing bei M\u00fcnchen statt. Die international besetzte Jury testete die Biere in einer anonymisierten Blindverkostung. Die wichtigsten Pr\u00fcfkriterien waren dabei Sensorik und Genuss. Zu den Teilnehmern des European Beer Star Award 2012 z\u00e4hlten Unternehmen aus den \u201eBierhochburgen\u201c Deutschland, Belgien, Gro\u00dfbritannien, den Niederlanden und \u00d6sterreich, aber auch Bierhersteller aus S\u00fcd-Korea, Israel oder Kolumbien.<\/p>\n<figure id=\"attachment_1571\" aria-describedby=\"caption-attachment-1571\" style=\"width: 640px\" class=\"wp-caption aligncenter\"><a href=\"https:\/\/www.erlanger.de\/?attachment_id=1571\" rel=\"attachment wp-att-1571\"><img loading=\"lazy\" decoding=\"async\" class=\"size-full wp-image-1571 \" title=\"BRAU_2012_2059_640\" alt=\"\" src=\"https:\/\/www.erlanger.de\/wp-content\/uploads\/2012\/11\/BRAU_2012_2059_640.jpg\" width=\"640\" height=\"500\" srcset=\"https:\/\/www.erlanger.de\/wp-content\/uploads\/2012\/11\/BRAU_2012_2059_640.jpg 640w, https:\/\/www.erlanger.de\/wp-content\/uploads\/2012\/11\/BRAU_2012_2059_640-300x234.jpg 300w\" sizes=\"auto, (max-width: 640px) 100vw, 640px\" \/><\/a><figcaption id=\"caption-attachment-1571\" class=\"wp-caption-text\">Peter Kitzmann (2.v.l.) und Braumeister Benjamin Kloos (3.v.l.) freuen sich<br \/>\u00fcber den European Beer Star in Gold f\u00fcr das Kitzmann Dunkle Wei\u00dfbier. Auf<br \/>der N\u00fcrnberger BRAU Beviale wurde Ihnen die Auszeichnung von Gerhard<br \/>Ilgenfritz (l.), Pr\u00e4sident Private Brauereien Bayern e. V., und Renate<br \/>Scheibner, Pr\u00e4sidentin des Verbands Private Brauereien Deutschland,<br \/>\u00fcberreicht.<\/figcaption><\/figure>\n<p>Foto: Private Brauereien Bayern e.V.<\/p>\n<p>&nbsp;<\/p>\n<p>&nbsp;<\/p>\n","protected":false},"excerpt":{"rendered":"<p>Das Dunkle Wei\u00dfbier der Privatbrauerei Kitzmann wurde mit dem European Beer Star in Gold ausgezeichnet. In seinem Jubil\u00e4umsjahr \u2013 2012 feiert Kitzmann 300 Jahre Braukunst an der S\u00fcdlichen Stadtmauerstra\u00dfe \u2013 konnte sich das Erlanger Brauhaus gegen die nationale wie internationale Konkurrenz durchsetzen. \u201eWir freuen uns ausgesprochen \u00fcber diese Auszeichnung. Mit der Goldmedaille f\u00fcr unser Dunkles &hellip; <a href=\"https:\/\/www.erlanger.de\/?p=1509\" class=\"more-link\"><span class=\"screen-reader-text\">European Beer Star 2012: Gold f\u00fcr Kitzmann Dunkles Wei\u00dfbier<\/span> weiterlesen <span class=\"meta-nav\">&rarr;<\/span><\/a><\/p>\n","protected":false},"author":2,"featured_media":1584,"comment_status":"closed","ping_status":"closed","sticky":false,"template":"","format":"standard","meta":{"ngg_post_thumbnail":0,"footnotes":""},"categories":[6],"tags":[395,13,226,225],"class_list":["post-1509","post","type-post","status-publish","format-standard","has-post-thumbnail","hentry","category-aktuelles","tag-brauerei-kitzmann","tag-braumesse","tag-european-beer-star","tag-weisbier"],"_links":{"self":[{"href":"https:\/\/www.erlanger.de\/index.php?rest_route=\/wp\/v2\/posts\/1509","targetHints":{"allow":["GET"]}}],"collection":[{"href":"https:\/\/www.erlanger.de\/index.php?rest_route=\/wp\/v2\/posts"}],"about":[{"href":"https:\/\/www.erlanger.de\/index.php?rest_route=\/wp\/v2\/types\/post"}],"author":[{"embeddable":true,"href":"https:\/\/www.erlanger.de\/index.php?rest_route=\/wp\/v2\/users\/2"}],"replies":[{"embeddable":true,"href":"https:\/\/www.erlanger.de\/index.php?rest_route=%2Fwp%2Fv2%2Fcomments&post=1509"}],"version-history":[{"count":7,"href":"https:\/\/www.erlanger.de\/index.php?rest_route=\/wp\/v2\/posts\/1509\/revisions"}],"predecessor-version":[{"id":1573,"href":"https:\/\/www.erlanger.de\/index.php?rest_route=\/wp\/v2\/posts\/1509\/revisions\/1573"}],"wp:featuredmedia":[{"embeddable":true,"href":"https:\/\/www.erlanger.de\/index.php?rest_route=\/wp\/v2\/media\/1584"}],"wp:attachment":[{"href":"https:\/\/www.erlanger.de\/index.php?rest_route=%2Fwp%2Fv2%2Fmedia&parent=1509"}],"wp:term":[{"taxonomy":"category","embeddable":true,"href":"https:\/\/www.erlanger.de\/index.php?rest_route=%2Fwp%2Fv2%2Fcategories&post=1509"},{"taxonomy":"post_tag","embeddable":true,"href":"https:\/\/www.erlanger.de\/index.php?rest_route=%2Fwp%2Fv2%2Ftags&post=1509"}],"curies":[{"name":"wp","href":"https:\/\/api.w.org\/{rel}","templated":true}]}}