{"id":1533,"date":"2012-12-09T14:10:49","date_gmt":"2012-12-09T13:10:49","guid":{"rendered":"http:\/\/www.erlanger.de\/?p=1533"},"modified":"2013-02-21T22:22:33","modified_gmt":"2013-02-21T21:22:33","slug":"engagement-fur-erlangens-gewasser-kitzmann-brau-uberreicht-stadt-groszugigen-scheck","status":"publish","type":"post","link":"https:\/\/www.erlanger.de\/?p=1533","title":{"rendered":"Engagement f\u00fcr Erlangens Gew\u00e4sser:  Kitzmann Br\u00e4u \u00fcberreicht Stadt gro\u00dfz\u00fcgigen Scheck"},"content":{"rendered":"<p>Der Schutz der Erlanger Gew\u00e4sser liegt der Kitzmann Br\u00e4u am Herzen. Schon seit Jahren setzt sich die Traditionsbrauerei f\u00fcr die Qualit\u00e4t des Wassers in der Hugenottenstadt ein. \u201eAlle unsere Biere werden mit bestem Brauwasser aus unserem hauseigenen Brunnen gebraut, auch deshalb ist uns der Erhalt der Wasserqualit\u00e4t sehr wichtig\u201c, erl\u00e4uterte Peter Kitzmann. Auch im Jubil\u00e4umsjahr 2012 setzte die Erlanger Brauerei ein wichtiges Zeichen f\u00fcr den Gew\u00e4sserschutz. Sie verzichtete auf Geschenke und startete einen Spendenaufruf. Das Ergebnis kann sich sehen lassen: Insgesamt 15.000 Euro kamen zusammen, allein 10.000 Euro davon stifteten die Erlangen Arcaden, die durch Centermanager Norman Naehrig vertreten wurden.\u00a0 Die Scheck\u00fcbergabe am 2. Advent markierte den letzten H\u00f6hepunkt im Jubil\u00e4umsjahr der Erlanger Brauerei, die 2012 \u201e300 Jahre Braukunst an der S\u00fcdlichen Stadtmauer\u201c feierte. Der bayerische Innenminister Joachim Herrmann und Erlangens Umweltreferentin Marlene W\u00fcstner nahmen am Sonntag, 9. Dezember 2012, den Scheck im Kitzmann Br\u00e4uKontor entgegen. \u201eWir freuen uns, dass sich Kitzmann wieder so nachhaltig daf\u00fcr engagiert, dass die Menschen naturnahe Gew\u00e4sser in der Stadt erleben k\u00f6nnen\u201c, betonte W\u00fcstner.<\/p>\n<p>&nbsp;<\/p>\n<figure id=\"attachment_1594\" aria-describedby=\"caption-attachment-1594\" style=\"width: 640px\" class=\"wp-caption alignright\"><a href=\"https:\/\/www.erlanger.de\/?attachment_id=1594\" rel=\"attachment wp-att-1594\"><img loading=\"lazy\" decoding=\"async\" class=\"size-full wp-image-1594  \" title=\"2012-12_20121209-32-Kitzm300Abschlu_640\" alt=\"\" src=\"https:\/\/www.erlanger.de\/wp-content\/uploads\/2012\/12\/2012-12_20121209-32-Kitzm300Abschlu_640.jpg\" width=\"640\" height=\"425\" srcset=\"https:\/\/www.erlanger.de\/wp-content\/uploads\/2012\/12\/2012-12_20121209-32-Kitzm300Abschlu_640.jpg 640w, https:\/\/www.erlanger.de\/wp-content\/uploads\/2012\/12\/2012-12_20121209-32-Kitzm300Abschlu_640-300x199.jpg 300w\" sizes=\"auto, (max-width: 640px) 100vw, 640px\" \/><\/a><figcaption id=\"caption-attachment-1594\" class=\"wp-caption-text\">Eines der letzten Fotos von Brauerei-Seniorchef Karl Kitzmann (verstorben am 26.12.2012). Hier zusammen Frau Horneber und Frau Engelhardt im Br\u00e4ukontor.<\/figcaption><\/figure>\n<p>\u00dcber unmittelbare Naturerfahrung d\u00fcrfen sich bald die Bewohner des Erlanger F\u00e4rberhofs freuen. Bereits im Fr\u00fchjahr 2013 beginnen am Erba-Weiher die Sanierungsarbeiten und die dauerhafte durch den R\u00f6thelheimgraben gespeiste Wasserf\u00fchrung wird wiederhergestellt. \u201eDiese kleine Oase mitten in der Stadt wird noch attraktiver und l\u00e4dt dann zum Verweilen und zur Erholung ein\u201c, freute sich Marlene W\u00fcstner. Auch 2013 wird der Erlanger Gew\u00e4sserschutz von Kitzmanns Jubil\u00e4um profitieren: \u201ePro verkauftem Exemplar unseres Jubil\u00e4umsbuches ,300 Jahre Erlanger Braukunst an der S\u00fcdlichen Stadtmauer\u2018 gehen drei Euro an den Erlanger Gew\u00e4sserschutz\u201c, verk\u00fcndete Peter Kitzmann.<\/p>\n<figure id=\"attachment_1593\" aria-describedby=\"caption-attachment-1593\" style=\"width: 640px\" class=\"wp-caption alignright\"><a href=\"https:\/\/www.erlanger.de\/?attachment_id=1593\" rel=\"attachment wp-att-1593\"><img loading=\"lazy\" decoding=\"async\" class=\"size-full wp-image-1593\" title=\"2012-12_20121209-36-Kitzm300Abschlu_640\" alt=\"\" src=\"https:\/\/www.erlanger.de\/wp-content\/uploads\/2012\/12\/2012-12_20121209-36-Kitzm300Abschlu_640.jpg\" width=\"640\" height=\"425\" srcset=\"https:\/\/www.erlanger.de\/wp-content\/uploads\/2012\/12\/2012-12_20121209-36-Kitzm300Abschlu_640.jpg 640w, https:\/\/www.erlanger.de\/wp-content\/uploads\/2012\/12\/2012-12_20121209-36-Kitzm300Abschlu_640-300x199.jpg 300w\" sizes=\"auto, (max-width: 640px) 100vw, 640px\" \/><\/a><figcaption id=\"caption-attachment-1593\" class=\"wp-caption-text\">Der Kitzmann Brauereihof im Neuschnee.<\/figcaption><\/figure>\n","protected":false},"excerpt":{"rendered":"<p>Der Schutz der Erlanger Gew\u00e4sser liegt der Kitzmann Br\u00e4u am Herzen. Schon seit Jahren setzt sich die Traditionsbrauerei f\u00fcr die Qualit\u00e4t des Wassers in der Hugenottenstadt ein. \u201eAlle unsere Biere werden mit bestem Brauwasser aus unserem hauseigenen Brunnen gebraut, auch deshalb ist uns der Erhalt der Wasserqualit\u00e4t sehr wichtig\u201c, erl\u00e4uterte Peter Kitzmann. Auch im Jubil\u00e4umsjahr &hellip; <a href=\"https:\/\/www.erlanger.de\/?p=1533\" class=\"more-link\"><span class=\"screen-reader-text\">Engagement f\u00fcr Erlangens Gew\u00e4sser:  Kitzmann Br\u00e4u \u00fcberreicht Stadt gro\u00dfz\u00fcgigen Scheck<\/span> weiterlesen <span class=\"meta-nav\">&rarr;<\/span><\/a><\/p>\n","protected":false},"author":2,"featured_media":1591,"comment_status":"closed","ping_status":"closed","sticky":false,"template":"","format":"standard","meta":{"ngg_post_thumbnail":0,"footnotes":""},"categories":[6],"tags":[238,239,391,237,389,236],"class_list":["post-1533","post","type-post","status-publish","format-standard","has-post-thumbnail","hentry","category-aktuelles","tag-arcaden","tag-erba-weiher","tag-erlangen","tag-gewasserschutz","tag-kitzmann","tag-spende"],"_links":{"self":[{"href":"https:\/\/www.erlanger.de\/index.php?rest_route=\/wp\/v2\/posts\/1533","targetHints":{"allow":["GET"]}}],"collection":[{"href":"https:\/\/www.erlanger.de\/index.php?rest_route=\/wp\/v2\/posts"}],"about":[{"href":"https:\/\/www.erlanger.de\/index.php?rest_route=\/wp\/v2\/types\/post"}],"author":[{"embeddable":true,"href":"https:\/\/www.erlanger.de\/index.php?rest_route=\/wp\/v2\/users\/2"}],"replies":[{"embeddable":true,"href":"https:\/\/www.erlanger.de\/index.php?rest_route=%2Fwp%2Fv2%2Fcomments&post=1533"}],"version-history":[{"count":11,"href":"https:\/\/www.erlanger.de\/index.php?rest_route=\/wp\/v2\/posts\/1533\/revisions"}],"predecessor-version":[{"id":1597,"href":"https:\/\/www.erlanger.de\/index.php?rest_route=\/wp\/v2\/posts\/1533\/revisions\/1597"}],"wp:featuredmedia":[{"embeddable":true,"href":"https:\/\/www.erlanger.de\/index.php?rest_route=\/wp\/v2\/media\/1591"}],"wp:attachment":[{"href":"https:\/\/www.erlanger.de\/index.php?rest_route=%2Fwp%2Fv2%2Fmedia&parent=1533"}],"wp:term":[{"taxonomy":"category","embeddable":true,"href":"https:\/\/www.erlanger.de\/index.php?rest_route=%2Fwp%2Fv2%2Fcategories&post=1533"},{"taxonomy":"post_tag","embeddable":true,"href":"https:\/\/www.erlanger.de\/index.php?rest_route=%2Fwp%2Fv2%2Ftags&post=1533"}],"curies":[{"name":"wp","href":"https:\/\/api.w.org\/{rel}","templated":true}]}}