{"id":1542,"date":"2012-12-10T19:25:07","date_gmt":"2012-12-10T18:25:07","guid":{"rendered":"http:\/\/www.erlanger.de\/?p=1542"},"modified":"2013-02-21T21:45:19","modified_gmt":"2013-02-21T20:45:19","slug":"300-jahre-erlanger-braukunst-an-der-sudlichen-stadtmauer-das-buch-zum-jubilaum-der-privatbrauerei-kitzmann","status":"publish","type":"post","link":"https:\/\/www.erlanger.de\/?p=1542","title":{"rendered":"300 Jahre Erlanger Braukunst an der S\u00fcdlichen Stadtmauer &#8211; das Buch zum Jubil\u00e4um der Privatbrauerei Kitzmann"},"content":{"rendered":"<p>Beim \u201eBrauerei-Gefl\u00fcster\u201c am 20. Oktober 2012 wurde der \u00d6ffentlichkeit erstmals das Buch zum Kitzmann-Jubil\u00e4um pr\u00e4sentiert. Unter dem Titel \u201e300 Jahre Erlanger Braukunst an der S\u00fcdlichen Stadtmauer\u201c widmen sich der Historiker Martin Schieber und der Leiter des Stadtmuseums Erlangen Thomas Engelhardt der bewegten Geschichte des Erlanger Brauhauses. So berichten sie von der Gr\u00fcndungsphase der Brauerei um 1712, aber auch von den diversen Besitzerwechseln. Allein zwischen 1797 und 1813 wurde die Sudst\u00e4tte nach Konkursen dreimal ver\u00e4u\u00dfert \u2013 erst als Johann Lorenz Kitzmann die Brauerei erwarb, kehrte Kontinuit\u00e4t ein. Heute wird die Brauerei bereits in der f\u00fcnften Generation durch die Familie Kitzmann gef\u00fchrt und ist damit das einzige Erlanger Brauhaus, das fortw\u00e4hrend in der Hugenottenstadt braut.<\/p>\n<p>ngg_shortcode_0_placeholder<br \/>\nFotos: Sabine Ismaier<\/p>\n<p>Das Buch besteht aus zwei Teilen: Zun\u00e4chst der \u00dcberblick (von Martin Schieber verfasst) \u00fcber die 300 Jahre mit dem Schwerpunkt auf den einzelnen Generationen der Familie Kitzmann, die den Betrieb 1833 \u00fcbernommen hat. Dann folgt ein wissenschaftlicher Artikel von Thomas Engelhardt, der die Brauereigeschichte der Neustadt Erlangen (Christian Erlang) im 18. Jahrhundert beleuchtet und bemerkenswerte Erkenntnisse aus den Quellen gesch\u00f6pft hat.<\/p>\n<p>Diese beiden etwas unterschiedlichen Teile (Firmenchronik und der wissenschaftlicher Artikel) unterscheiden sich im Satz und in der Bebilderung, erg\u00e4nzen sich aber inhaltlich sehr gut. \u201e300 Jahre Erlanger Braukunst an der S\u00fcdlichen Stadtmauer\u201c ist im Sandberg Verlag erschienen und f\u00fcr 12,80 \u20ac im Buchhandel erh\u00e4ltlich (ISBN 978-3-930699-76-6).<\/p>\n","protected":false},"excerpt":{"rendered":"<p>Beim \u201eBrauerei-Gefl\u00fcster\u201c am 20. Oktober 2012 wurde der \u00d6ffentlichkeit erstmals das Buch zum Kitzmann-Jubil\u00e4um pr\u00e4sentiert. Unter dem Titel \u201e300 Jahre Erlanger Braukunst an der S\u00fcdlichen Stadtmauer\u201c widmen sich der Historiker Martin Schieber und der Leiter des Stadtmuseums Erlangen Thomas Engelhardt der bewegten Geschichte des Erlanger Brauhauses. So berichten sie von der Gr\u00fcndungsphase der Brauerei um &hellip; <a href=\"https:\/\/www.erlanger.de\/?p=1542\" class=\"more-link\"><span class=\"screen-reader-text\">300 Jahre Erlanger Braukunst an der S\u00fcdlichen Stadtmauer &#8211; das Buch zum Jubil\u00e4um der Privatbrauerei Kitzmann<\/span> weiterlesen <span class=\"meta-nav\">&rarr;<\/span><\/a><\/p>\n","protected":false},"author":2,"featured_media":1586,"comment_status":"closed","ping_status":"closed","sticky":false,"template":"","format":"standard","meta":{"ngg_post_thumbnail":0,"footnotes":""},"categories":[6],"tags":[416,245,391,246,60,389,244],"class_list":["post-1542","post","type-post","status-publish","format-standard","has-post-thumbnail","hentry","category-aktuelles","tag-416","tag-buch","tag-erlangen","tag-firmenchronik","tag-jubilaum","tag-kitzmann","tag-martin-schieber"],"_links":{"self":[{"href":"https:\/\/www.erlanger.de\/index.php?rest_route=\/wp\/v2\/posts\/1542","targetHints":{"allow":["GET"]}}],"collection":[{"href":"https:\/\/www.erlanger.de\/index.php?rest_route=\/wp\/v2\/posts"}],"about":[{"href":"https:\/\/www.erlanger.de\/index.php?rest_route=\/wp\/v2\/types\/post"}],"author":[{"embeddable":true,"href":"https:\/\/www.erlanger.de\/index.php?rest_route=\/wp\/v2\/users\/2"}],"replies":[{"embeddable":true,"href":"https:\/\/www.erlanger.de\/index.php?rest_route=%2Fwp%2Fv2%2Fcomments&post=1542"}],"version-history":[{"count":8,"href":"https:\/\/www.erlanger.de\/index.php?rest_route=\/wp\/v2\/posts\/1542\/revisions"}],"predecessor-version":[{"id":1588,"href":"https:\/\/www.erlanger.de\/index.php?rest_route=\/wp\/v2\/posts\/1542\/revisions\/1588"}],"wp:featuredmedia":[{"embeddable":true,"href":"https:\/\/www.erlanger.de\/index.php?rest_route=\/wp\/v2\/media\/1586"}],"wp:attachment":[{"href":"https:\/\/www.erlanger.de\/index.php?rest_route=%2Fwp%2Fv2%2Fmedia&parent=1542"}],"wp:term":[{"taxonomy":"category","embeddable":true,"href":"https:\/\/www.erlanger.de\/index.php?rest_route=%2Fwp%2Fv2%2Fcategories&post=1542"},{"taxonomy":"post_tag","embeddable":true,"href":"https:\/\/www.erlanger.de\/index.php?rest_route=%2Fwp%2Fv2%2Ftags&post=1542"}],"curies":[{"name":"wp","href":"https:\/\/api.w.org\/{rel}","templated":true}]}}