{"id":1608,"date":"2013-01-04T21:26:04","date_gmt":"2013-01-04T20:26:04","guid":{"rendered":"http:\/\/www.erlanger.de\/?p=1608"},"modified":"2013-02-21T19:19:04","modified_gmt":"2013-02-21T18:19:04","slug":"ein-groser-brauherr-ist-gegangen-erlangen-trauert-um-karl-kitzmann","status":"publish","type":"post","link":"https:\/\/www.erlanger.de\/?p=1608","title":{"rendered":"Ein gro\u00dfer Brauherr ist gegangen \u2013 Erlangen trauert um Karl Kitzmann"},"content":{"rendered":"<figure id=\"attachment_604\" aria-describedby=\"caption-attachment-604\" style=\"width: 240px\" class=\"wp-caption alignright\"><a href=\"https:\/\/www.erlanger.de\/?attachment_id=604\" rel=\"attachment wp-att-604\"><img loading=\"lazy\" decoding=\"async\" class=\"size-full wp-image-604 \" alt=\"Foto: Sabine Ismaier\" src=\"https:\/\/www.erlanger.de\/wp-content\/uploads\/2012\/01\/2011-04_KitzmannKarl_20090603_79_isa.jpg\" width=\"240\" height=\"320\" srcset=\"https:\/\/www.erlanger.de\/wp-content\/uploads\/2012\/01\/2011-04_KitzmannKarl_20090603_79_isa.jpg 240w, https:\/\/www.erlanger.de\/wp-content\/uploads\/2012\/01\/2011-04_KitzmannKarl_20090603_79_isa-225x300.jpg 225w\" sizes=\"auto, (max-width: 240px) 100vw, 240px\" \/><\/a><figcaption id=\"caption-attachment-604\" class=\"wp-caption-text\">Karl Kitzmann (+ 26.12.2012)<br \/>Foto: Sabine Ismaier<\/figcaption><\/figure>\n<p>In der Nacht vom 1. auf den 2. Weihnachtsfeiertag 2012 verstarb der Seniorchef der Privatbrauerei Kitzmann ganz friedlich in seinen eigenen vier W\u00e4nden. Mit ihm verliert Erlangen den letzten gro\u00dfen Brauherrn der biersehns\u00fcchtigen ersten vier Jahrzehnte der Bundesrepublik Deutschland. Er hinterl\u00e4sst Tochter Elisabeth mit Enkelsohn Benedikt sowie die S\u00f6hne Johannes und Peter, der seit Anfang der 1990er Jahre die Gesch\u00e4fte der Privatbrauerei f\u00fchrt.<\/p>\n<p>Untrennbar werden mit Karl Kitzmann der Aufstieg der beliebten Kitzmann Leitsorte Edelpils und der nach der Schlie\u00dfung der H. Henninger Reifbr\u00e4u und Erich Br\u00e4u 1974\/75 entwickelte Slogan \u201eUnser Erlanger Bier\u201c verbunden bleiben.<\/p>\n<p>Karl Kitzmann wurde wunschgem\u00e4\u00df an der Seite seiner im Juni 2002 vorausgegangenen Ehefrau Elisabeth auf dem alten Friedhof in Ottensoos im Familiengrab der Brauereibesitzerfamilie S\u00fc\u00df (Kronen Br\u00e4u) beigesetzt. Den Trauergottesdienst in der vollbesetzten evangelisch-lutherischen St. Veit-Kirche zu Ottensoos hielt am 3. Januar 2013 Pfarrer Dr. Wolfgang Leyk, bei dessen Sonntagspredigten in der Neust\u00e4dter- und Universit\u00e4tskirche Erlangen Karl Kitzmann Stammbesucher war. Gegen Ende des Trauergottesdienstes (mit gestaltet vom M\u00e4nnergesangsverein Ottensoos) folgten ganz pers\u00f6nliche Nachrufe auf den lieben Verstorbenen von Oberb\u00fcrgermeister Dr. Siegfried Balleis und Konrad Dennerlein (Kitzmann Rentnergruppe).<\/p>\n<p>Hier der Wortlaut der Gedenkrede von Herrn Dr. Siegfried Balleis:<\/p>\n<p>\u201eSehr geehrte Angeh\u00f6rige, sehr geehrte Trauergemeinde, vor wenigen Tagen verstarb Karl Kitzmann. Alle die ihn kannten, werden ihn schmerzlich vermissen. Sein Leben war gepr\u00e4gt von gro\u00dfem b\u00fcrgerschaftlichem Engagement, gro\u00dfer Herzlichkeit und vor allem Rechtschaffenheit. Besonders beeindruckend war die Ruhe, die er ausstrahlte und auch seine Besonnenheit. Die Stadt Erlangen sowie ihre B\u00fcrgerinnen und B\u00fcrger haben dem Verstorbenen viel zu verdanken.<\/p>\n<p>Lassen Sie uns zur\u00fcckblicken: Karl Kitzmann trat nach seiner Lehre zum Brauer und einer anschlie\u00dfenden kaufm\u00e4nnischen Ausbildung in den elterlichen Betrieb ein. Er leitete die Brauerei Kitzmann mehr als 40 Jahre und stand seinem Sohn und Nachfolger als guter Ratgeber zur Seite. Karl Kitzmann machte aus der kleinen Brauerei ein nicht nur in Erlangen sondern auch in der Europ\u00e4ischen Metropolregion N\u00fcrnberg angesehenes mittelst\u00e4ndisches Unternehmen, das sich tapfer auf dem Markt behauptet.<\/p>\n<figure id=\"attachment_1626\" aria-describedby=\"caption-attachment-1626\" style=\"width: 320px\" class=\"wp-caption alignleft\"><a href=\"https:\/\/www.erlanger.de\/?attachment_id=1626\" rel=\"attachment wp-att-1626\"><img loading=\"lazy\" decoding=\"async\" class=\"wp-image-1626 \" alt=\"2013-01_imm015_21_640\" src=\"https:\/\/www.erlanger.de\/wp-content\/uploads\/2013\/01\/2013-01_imm015_21_640.jpg\" width=\"320\" height=\"320\" srcset=\"https:\/\/www.erlanger.de\/wp-content\/uploads\/2013\/01\/2013-01_imm015_21_640.jpg 640w, https:\/\/www.erlanger.de\/wp-content\/uploads\/2013\/01\/2013-01_imm015_21_640-290x290.jpg 290w, https:\/\/www.erlanger.de\/wp-content\/uploads\/2013\/01\/2013-01_imm015_21_640-300x300.jpg 300w, https:\/\/www.erlanger.de\/wp-content\/uploads\/2013\/01\/2013-01_imm015_21_640-50x50.jpg 50w\" sizes=\"auto, (max-width: 320px) 100vw, 320px\" \/><\/a><figcaption id=\"caption-attachment-1626\" class=\"wp-caption-text\">&#8230;<\/figcaption><\/figure>\n<p>Vom Erfolg des Familienunternehmens hat auch die Stadt Erlangen profitiert, die dem Unternehmer Karl Kitzmann im Jahr 1989 den Ehrenbrief f\u00fcr Verdienst auf dem wirtschaftlichen Gebiet verlieh. Karl Kitzmann hat sich als Unternehmer und Privatperson in vielf\u00e4ltiger Weise f\u00fcr unser Gemeinwesen eingesetzt. Die Begleitung von sportlichen und kulturellen Veranstaltungen, wie seine langj\u00e4hrige Unterst\u00fctzung der Veranstaltung \u201eJugend musiziert\u201c, und sein Einsatz f\u00fcr unsere Umwelt seien hier nur beispielhaft erw\u00e4hnt.<\/p>\n<p>Ein besonderes Augenmerk hat Karl Kitzmann auch auf die Erlanger St\u00e4dtepartnerschaften gelegt. Zahlreichen G\u00e4sten und Freunden aus dem internationalen Ausland, vor allem aus Rennes, war er ein freundlicher Gastgeber.<\/p>\n<p>Verehrte Trauergemeinde, wir werden Herrn Karl Kitzmann nicht nur als gro\u00dfe Unternehmerpers\u00f6nlichkeit sondern auch als Freund vermissen und ihn ehrenvoll in Gedenken halten. Wir danken in Freundschaft und Verbundenheit f\u00fcr sein Lebenswerk und begleiten Karl Kitzmann auf seinem letzten Weg.\u201c<\/p>\n<p>Auf Wunsch der Hinterbliebenen, die sich tapfer an diesem nasskalten Januarnachmittag den pers\u00f6nlichen Beileidsbekundungen am Grab des Verstorbenen stellten, sollte von Blumen- und Kranzspenden abgesehen werden. Stattdessen erbaten Sie eine Spende zum Schutz der Erlanger Gew\u00e4sser auf das Spendenkonto Nr. 300000116 bei der VR-Bank Erlangen-H\u00f6chstadt, BLZ 763 600 33. Im Anschluss an den Gottesdienst und die Beerdigung auf dem alten Friedhof Ottensoos lud die Familie Kitzmann die gesamte Trauergemeinde in den Gasthof Zur Einkehr der Familie G\u00fcthlein in Erlangen-B\u00fcchenbach.<\/p>\n<p>Die Bierstadt Erlangen hat eine ihrer wichtigsten Pers\u00f6nlichkeiten verloren. Wir werden Karl Kitzmann in bester Erinnerung behalten und ihm stets ein ehrendes Gedenken bewahren.<\/p>\n","protected":false},"excerpt":{"rendered":"<p>In der Nacht vom 1. auf den 2. Weihnachtsfeiertag 2012 verstarb der Seniorchef der Privatbrauerei Kitzmann ganz friedlich in seinen eigenen vier W\u00e4nden. Mit ihm verliert Erlangen den letzten gro\u00dfen Brauherrn der biersehns\u00fcchtigen ersten vier Jahrzehnte der Bundesrepublik Deutschland. Er hinterl\u00e4sst Tochter Elisabeth mit Enkelsohn Benedikt sowie die S\u00f6hne Johannes und Peter, der seit Anfang &hellip; <a href=\"https:\/\/www.erlanger.de\/?p=1608\" class=\"more-link\"><span class=\"screen-reader-text\">Ein gro\u00dfer Brauherr ist gegangen \u2013 Erlangen trauert um Karl Kitzmann<\/span> weiterlesen <span class=\"meta-nav\">&rarr;<\/span><\/a><\/p>\n","protected":false},"author":2,"featured_media":607,"comment_status":"closed","ping_status":"closed","sticky":false,"template":"","format":"standard","meta":{"ngg_post_thumbnail":0,"footnotes":""},"categories":[6,9],"tags":[253,254,149],"class_list":["post-1608","post","type-post","status-publish","format-standard","has-post-thumbnail","hentry","category-aktuelles","category-zeitgeschichtliches","tag-karl-kitzmann","tag-nachruf","tag-ottensoos"],"_links":{"self":[{"href":"https:\/\/www.erlanger.de\/index.php?rest_route=\/wp\/v2\/posts\/1608","targetHints":{"allow":["GET"]}}],"collection":[{"href":"https:\/\/www.erlanger.de\/index.php?rest_route=\/wp\/v2\/posts"}],"about":[{"href":"https:\/\/www.erlanger.de\/index.php?rest_route=\/wp\/v2\/types\/post"}],"author":[{"embeddable":true,"href":"https:\/\/www.erlanger.de\/index.php?rest_route=\/wp\/v2\/users\/2"}],"replies":[{"embeddable":true,"href":"https:\/\/www.erlanger.de\/index.php?rest_route=%2Fwp%2Fv2%2Fcomments&post=1608"}],"version-history":[{"count":13,"href":"https:\/\/www.erlanger.de\/index.php?rest_route=\/wp\/v2\/posts\/1608\/revisions"}],"predecessor-version":[{"id":1650,"href":"https:\/\/www.erlanger.de\/index.php?rest_route=\/wp\/v2\/posts\/1608\/revisions\/1650"}],"wp:featuredmedia":[{"embeddable":true,"href":"https:\/\/www.erlanger.de\/index.php?rest_route=\/wp\/v2\/media\/607"}],"wp:attachment":[{"href":"https:\/\/www.erlanger.de\/index.php?rest_route=%2Fwp%2Fv2%2Fmedia&parent=1608"}],"wp:term":[{"taxonomy":"category","embeddable":true,"href":"https:\/\/www.erlanger.de\/index.php?rest_route=%2Fwp%2Fv2%2Fcategories&post=1608"},{"taxonomy":"post_tag","embeddable":true,"href":"https:\/\/www.erlanger.de\/index.php?rest_route=%2Fwp%2Fv2%2Ftags&post=1608"}],"curies":[{"name":"wp","href":"https:\/\/api.w.org\/{rel}","templated":true}]}}