{"id":1639,"date":"2013-02-21T19:22:31","date_gmt":"2013-02-21T18:22:31","guid":{"rendered":"http:\/\/www.erlanger.de\/?p=1639"},"modified":"2013-04-19T12:50:12","modified_gmt":"2013-04-19T11:50:12","slug":"100-tage-bis-zum-berg-2013er-vorfreude-auf-die-5-jahreszeit","status":"publish","type":"post","link":"https:\/\/www.erlanger.de\/?p=1639","title":{"rendered":"100 Tage bis zum Berg \u2013 2013er Vorfreude auf die <nobr>5. Jahreszeit<\/nobr>"},"content":{"rendered":"<p>Bei sch\u00f6nstem Winterwetter (leichte Minustemperaturen, Schnee und Sonnenschein) trafen sich am Faschingssonntag 10. Februar 2013 um Punkt 11.00 Uhr wieder einmal viele Fans der 5. Erlanger Jahreszeit, um \u201e100 Tage bis zum Berg\u201c am Erich Keller zu zelebrieren. Diese Vorfreudeveranstaltung findet nun schon gut 30 Jahre statt und hat bis heute nichts von ihrem ganz besonderen Reiz verloren. Denn hier reduziert sich alles auf das Wesentliche: nette Menschen, eine herzhafte Brotzeit, unverst\u00e4rkte Blasmusik und eine k\u00f6stliche Biervielfalt. Neben Steinbach-Storchen vom Fass und vielen mitgebrachten Flaschenbieren (\u00fcber Kitzmann-Hefeweizen, Krug-Lager bis hin zu Kraus-Festbier aus Hirschaid) waren es wieder die Hobbybrauer, die f\u00fcr besondere Highlights sorgten. Kurt Adler und Axel Fella boten aus ihrem Junkersdorfer Kommunbrauhaus das seit Jahren bekannte Lager und den im September 2012 extra eingebrauten \u201eWellers Archivrat\u201c an.<\/p>\nngg_shortcode_0_placeholder\n<p>Fotos: Sabine Ismaier<\/p>\n<p>J\u00fcrgen Sommer (Sommi-Br\u00e4u) war mit einem stark gehopften Hefeweizen dabei, das er ganz frei nach Astrid Lindgren \u201eWeizenspunk\u201c nannte. Horst Behr aus Gleisenhof (Wache-Br\u00e4u) war sehr stolz auf ein mit Aufse\u00dfer Naturhopfen und schottischem Whiskymalz gebrautes Unterg\u00e4riges, wie auch die R\u00e4nch-Br\u00e4u um Seppi Koblischek und Erich Pauer mit einem fruchtig-s\u00fcffigen hellen Kellerbier gl\u00e4nzten. Den Vogel schoss allerdings wieder einmal Ren\u00e9 Ermler ab, der f\u00fcr den heutigen Tag extra ein \u201eOatmeal-Stout\u201c gebraut hatte &#8211; das Oberg\u00e4rige war schwarz wie die Nacht, hatte einen wunderbar cremigen Schaum, wobei extra aus England importiertes Hafer- und Schokoladenmalz f\u00fcr ganz besondere Geschmacksnuancen sorgten.<\/p>\n<p>Viele hatten sich ihre individuellen Brotzeiten mitgebracht, aber wer wollte, konnte auch von Frau Rosi M\u00fcller (M\u00fcllers Bergstation am Weller Keller) warme Bratw\u00fcrste im Weckla bekommen (die Spenden hierf\u00fcr gingen an die Altst\u00e4dter Kirchengemeinde) oder Georg Guldens Geb\u00e4ck genie\u00dfen. Viele freuten sich auch \u00fcber Ermreuther Salzstangen oder \u00fcber einen frisch gegrillten Fleischspie\u00df, der hier oben schon seit einigen Jahren am Faschingssonntag zum kulinarischen Programm geh\u00f6rt. Die musikalische Umrahmung kam \u2013 wie es auch schon Tradition ist \u2013 wieder vom Bl\u00e4serchor Frauenaurach unter der Leitung von Ernst Moritz.<\/p>\n<p>So war der geistige Vater dieser \u201eJedermannsveranstaltung\u201c rundum zufrieden, zumal die \u201e100 Tage\u201c heuer, bedingt durch den fr\u00fchen Bergtermin, ja auch schon entsprechend zeitig stattfanden. In diesem Sinne auf eine sch\u00f6ne und friedliche Erlanger Bergkirchweih 2013 \u2013 bereits am 16. Mai sticht Oberb\u00fcrgermeister Dr. Siegfried Balleis um Punkt 17.00 Uhr das erste Fass Kitzmann-Kerwasbier am Berg an.<\/p>\nngg_shortcode_1_placeholder\n<p>Am Faschingssonntag zieht es nachmittags viele Erlanger zum Brucker Faschingsumzug, bei dem traditionell die Privatbrauerei Kitzmann &#8222;mitmischt&#8220;.<\/p>\nngg_shortcode_2_placeholder\n","protected":false},"excerpt":{"rendered":"<p>Bei sch\u00f6nstem Winterwetter (leichte Minustemperaturen, Schnee und Sonnenschein) trafen sich am Faschingssonntag 10. Februar 2013 um Punkt 11.00 Uhr wieder einmal viele Fans der 5. Erlanger Jahreszeit, um \u201e100 Tage bis zum Berg\u201c am Erich Keller zu zelebrieren. Diese Vorfreudeveranstaltung findet nun schon gut 30 Jahre statt und hat bis heute nichts von ihrem ganz &hellip; <a href=\"https:\/\/www.erlanger.de\/?p=1639\" class=\"more-link\"><span class=\"screen-reader-text\">100 Tage bis zum Berg \u2013 2013er Vorfreude auf die <nobr>5. Jahreszeit<\/nobr><\/span> weiterlesen <span class=\"meta-nav\">&rarr;<\/span><\/a><\/p>\n","protected":false},"author":2,"featured_media":1670,"comment_status":"closed","ping_status":"closed","sticky":false,"template":"","format":"standard","meta":{"ngg_post_thumbnail":0,"footnotes":""},"categories":[6],"tags":[122,123,263,402,129,262,63],"class_list":["post-1639","post","type-post","status-publish","format-standard","has-post-thumbnail","hentry","category-aktuelles","tag-100-tage-bis-zum-berg","tag-erich-keller","tag-frauenauracher-posaunenchor","tag-hobbybrauer","tag-junkersdorfer","tag-rene-ermler","tag-steinbach"],"_links":{"self":[{"href":"https:\/\/www.erlanger.de\/index.php?rest_route=\/wp\/v2\/posts\/1639","targetHints":{"allow":["GET"]}}],"collection":[{"href":"https:\/\/www.erlanger.de\/index.php?rest_route=\/wp\/v2\/posts"}],"about":[{"href":"https:\/\/www.erlanger.de\/index.php?rest_route=\/wp\/v2\/types\/post"}],"author":[{"embeddable":true,"href":"https:\/\/www.erlanger.de\/index.php?rest_route=\/wp\/v2\/users\/2"}],"replies":[{"embeddable":true,"href":"https:\/\/www.erlanger.de\/index.php?rest_route=%2Fwp%2Fv2%2Fcomments&post=1639"}],"version-history":[{"count":12,"href":"https:\/\/www.erlanger.de\/index.php?rest_route=\/wp\/v2\/posts\/1639\/revisions"}],"predecessor-version":[{"id":1655,"href":"https:\/\/www.erlanger.de\/index.php?rest_route=\/wp\/v2\/posts\/1639\/revisions\/1655"}],"wp:featuredmedia":[{"embeddable":true,"href":"https:\/\/www.erlanger.de\/index.php?rest_route=\/wp\/v2\/media\/1670"}],"wp:attachment":[{"href":"https:\/\/www.erlanger.de\/index.php?rest_route=%2Fwp%2Fv2%2Fmedia&parent=1639"}],"wp:term":[{"taxonomy":"category","embeddable":true,"href":"https:\/\/www.erlanger.de\/index.php?rest_route=%2Fwp%2Fv2%2Fcategories&post=1639"},{"taxonomy":"post_tag","embeddable":true,"href":"https:\/\/www.erlanger.de\/index.php?rest_route=%2Fwp%2Fv2%2Ftags&post=1639"}],"curies":[{"name":"wp","href":"https:\/\/api.w.org\/{rel}","templated":true}]}}