{"id":1856,"date":"2013-06-08T18:23:05","date_gmt":"2013-06-08T17:23:05","guid":{"rendered":"http:\/\/www.erlanger.de\/?p=1856"},"modified":"2013-06-27T18:26:52","modified_gmt":"2013-06-27T17:26:52","slug":"erlanger-bergkirchweih-2013-brauereigrundung-bigband-konzert-und-ein-runder-geburtstag-in-kriegenbrunn","status":"publish","type":"post","link":"https:\/\/www.erlanger.de\/?p=1856","title":{"rendered":"Erlanger Bergkirchweih 2013, Brauereigr\u00fcndung, Bigband-Konzert und ein runder Geburtstag in Kriegenbrunn"},"content":{"rendered":"<p>Am Montag, 27. Mai 2013, endete die 258. Erlanger Bergkirchweih traditionell mit dem Lied Lilly Marlen und dem obligatorischen Fassbegr\u00e4bnis am Erich Keller. Und da der Wettergott in den letzten Stunden des Traditionsfestes sein Einsehen hatte, waren noch einmal Tausende auf den Berg gekommen, um der 5. Erlanger Jahreszeit Taschentuch winkend leb wohl zu sagen. Der Berg hatte so sch\u00f6n hoffnungsvoll, aber auch \u00fcbervoll mit dem Anstich des ersten Fasses unterhalb vom Henninger Keller am 16. Mai begonnen, doch am Pfingstsonntag gegen 16.00 Uhr kippte die Witterung. Fortan kein Tag ohne Dauerregen und zunehmende K\u00e4lte. Nichts war es mit Rekorden und auch so manche Ma\u00df blieb ungetrunken, denn auch die gl\u00fchendsten Gerstensaftfans bringen bei K\u00e4lte und Regen nicht viel mehr als zwei M\u00e4\u00dfla rein. Hoffen wir auf eine sonnige 259. Erlanger Bergkirchweih, auf die alle Fans etwas l\u00e4nger als sonst warten d\u00fcrfen: Anstich ist erst am Donnerstag, 5. Juni 2014 \u2013 aller Voraussicht nach wieder auf dem kleinen Podium am \u201eT\u201c, da wo auch unsere sch\u00f6ne Stadtfahne einen dauerhaften Platz gefunden hat.<\/p>\n<p>&nbsp;<\/p>\n<p>Nach exakt 100-j\u00e4hrigem Bestehen wurde die\u00a0erste \u00a0Brauerei Weller Erlangen am 27. Mai 1911 gewerberechtlich abgemeldet. Nach dem erfolgreichen Jubil\u00e4umsjahr 2011 und inzwischen drei Biersorten, die die Erlanger Biertrinker \u2013 wenn auch noch au\u00dferhalb der Stadtmauern gebraut \u2013 erfreuen (Adam Wellers 3 x 11, Archivrat und Adam Wellers Jean Paul) folgte just am 27. Mai 2013 die Wiedergr\u00fcndung der Brauerei in der Rechtsform einer Genossenschaft. Zur Gr\u00fcndungsversammlung hatten Therese Langhammer und Hans Kurt Weller in den Gasthof Grauer Wolf geladen, wo 29 Genossenschaftler die Brauerei Weller Erlangen eG ins Leben riefen. Nun gilt es, weitere Mitstreiter zu finden, die Genossenschaftsanteile zeichnen, damit bereits im Herbst 2014 der Wunsch nach einer eigenen kleinen Gasthausbraust\u00e4tte in der Erlanger Innenstadt Wirklichkeit wird.<\/p>\n<p>&nbsp;<\/p>\n<p>Am Mittwoch, 29. Mai 2013, machte wieder einmal die Bigband der Bundeswehr zu einem gro\u00dfen Benefizkonzert auf dem Erlanger Schlossplatz Station. Und das Wetter hatte sein Einsehen, es fiel kein einziger Tropfen vom Himmel, sodass rund 5.000 G\u00e4ste das zweist\u00fcndige Konzert erleben wollten und f\u00fcr ein respektables Spendenergebnis sorgten. Viele freiwillige Sammler brachten \u00fcber 10.000 \u20ac f\u00fcr gemeinn\u00fctzige Zwecke zusammen. Und auch beide Erlanger Traditionsbrauereien waren bei der von den Erlanger Nachrichten pr\u00e4sentierten Veranstaltung auf dem Marktplatz vertreten und boten unter \u201eroter bzw. gr\u00fcner Flagge\u201c ihre Gerstensaftspezialit\u00e4ten an.<\/p>\n<p>&nbsp;<\/p>\n<p>Am Freitag, 31. Mai 2013, feierte der allseits bekannte und beliebte Metzgermeister und Gastwirt Georg Rottner seinen 60. Geburtstag mit einem rauschenden Fest. Etwa 180 G\u00e4ste waren seiner Einladung in das Hofzelt vor der Kriegenbrunner Gastwirtschaft gefolgt und erlebten sowohl einen unterhaltsamen als auch speisen- und getr\u00e4nkem\u00e4\u00dfig erf\u00fcllenden Abend. Nat\u00fcrlich hatte es sich Georg Rottner nicht nehmen lassen, zusammen mit Peter Ross vom Verein zur F\u00f6rderung der fr\u00e4nkischen Braukultur anl\u00e4sslich seines Ehrentages ein spezielles M\u00e4rzen zu brauen: das dunkle M\u00e4rzen mit 13 % Stammw\u00fcrze mundete kerwass\u00fcffig gut und selbst die Radlertrinker waren begeistert. Auch an dieser Stelle noch einmal \u201ealles Gute lieber Georg!\u201c.<\/p>\n","protected":false},"excerpt":{"rendered":"<p>Am Montag, 27. Mai 2013, endete die 258. Erlanger Bergkirchweih traditionell mit dem Lied Lilly Marlen und dem obligatorischen Fassbegr\u00e4bnis am Erich Keller. Und da der Wettergott in den letzten Stunden des Traditionsfestes sein Einsehen hatte, waren noch einmal Tausende auf den Berg gekommen, um der 5. Erlanger Jahreszeit Taschentuch winkend leb wohl zu sagen. &hellip; <a href=\"https:\/\/www.erlanger.de\/?p=1856\" class=\"more-link\"><span class=\"screen-reader-text\">Erlanger Bergkirchweih 2013, Brauereigr\u00fcndung, Bigband-Konzert und ein runder Geburtstag in Kriegenbrunn<\/span> weiterlesen <span class=\"meta-nav\">&rarr;<\/span><\/a><\/p>\n","protected":false},"author":2,"featured_media":0,"comment_status":"closed","ping_status":"closed","sticky":false,"template":"","format":"standard","meta":{"ngg_post_thumbnail":0,"footnotes":""},"categories":[6],"tags":[390,297,397,298,410,426,423,299,69],"class_list":["post-1856","post","type-post","status-publish","format-standard","hentry","category-aktuelles","tag-bergkirchweih","tag-bigband","tag-brauerei-weller","tag-bundeswehr-bigband","tag-erlanger-bergkirchweih","tag-georg-rottner","tag-kriegenbrunn","tag-runder-geburtstag","tag-weller"],"_links":{"self":[{"href":"https:\/\/www.erlanger.de\/index.php?rest_route=\/wp\/v2\/posts\/1856","targetHints":{"allow":["GET"]}}],"collection":[{"href":"https:\/\/www.erlanger.de\/index.php?rest_route=\/wp\/v2\/posts"}],"about":[{"href":"https:\/\/www.erlanger.de\/index.php?rest_route=\/wp\/v2\/types\/post"}],"author":[{"embeddable":true,"href":"https:\/\/www.erlanger.de\/index.php?rest_route=\/wp\/v2\/users\/2"}],"replies":[{"embeddable":true,"href":"https:\/\/www.erlanger.de\/index.php?rest_route=%2Fwp%2Fv2%2Fcomments&post=1856"}],"version-history":[{"count":4,"href":"https:\/\/www.erlanger.de\/index.php?rest_route=\/wp\/v2\/posts\/1856\/revisions"}],"predecessor-version":[{"id":1860,"href":"https:\/\/www.erlanger.de\/index.php?rest_route=\/wp\/v2\/posts\/1856\/revisions\/1860"}],"wp:attachment":[{"href":"https:\/\/www.erlanger.de\/index.php?rest_route=%2Fwp%2Fv2%2Fmedia&parent=1856"}],"wp:term":[{"taxonomy":"category","embeddable":true,"href":"https:\/\/www.erlanger.de\/index.php?rest_route=%2Fwp%2Fv2%2Fcategories&post=1856"},{"taxonomy":"post_tag","embeddable":true,"href":"https:\/\/www.erlanger.de\/index.php?rest_route=%2Fwp%2Fv2%2Ftags&post=1856"}],"curies":[{"name":"wp","href":"https:\/\/api.w.org\/{rel}","templated":true}]}}