{"id":2462,"date":"2015-10-16T12:01:46","date_gmt":"2015-10-16T11:01:46","guid":{"rendered":"http:\/\/www.erlanger.de\/?p=2462"},"modified":"2015-10-25T18:41:37","modified_gmt":"2015-10-25T17:41:37","slug":"herbstliche-spezialbiere-aus-erlangen-bayrisch-maerzen-und-erlanger-porter","status":"publish","type":"post","link":"https:\/\/www.erlanger.de\/?p=2462","title":{"rendered":"Herbstliche Spezialbiere aus Erlangen: Bayrisch M\u00e4rzen und Erlanger Porter"},"content":{"rendered":"<p>Herbst 2015 \u2013 Die Tage werden k\u00fcrzer, die N\u00e4chte l\u00e4nger, im Oktober kriecht schon die erste Winterk\u00e4lte in die Kleider: Gut, dass sich die beiden Erlanger Brauereien Kitzmann und Steinbach wieder zu ganz besonderen Bierkreationen entschlossen haben, die den Herbst versch\u00f6nern.<\/p>\n<p>&nbsp;<\/p>\n<p>Kitzmann\u00a0Bayrisch M\u00e4rzen<\/p>\n<p>Nach fast einem Vierteljahrhundert Pause wurde das unterg\u00e4rige Kultbier im Herbst 2014 erstmals wieder aufgelegt. Heuer im Sommer folgte nun ein neuerlicher Sud, der uns mit seinem malzigen Geschmack erfreut. Beim Antrunk entfalten sich deutliche Karamellnoten, die neben zarten R\u00f6staromen und einer dezenten Hopfung in einen malzherben Nachtrunk m\u00fcnden. Das Elixier mit seiner kastanienbraunen Farbe hat ein Stammw\u00fcrzegehalt von 13,8\u00a0%, aus dem die nicht zu untersch\u00e4tzenden 5,7 % vol. alc. dieser Sonderedition resultieren.<\/p>\n<p>&nbsp;<\/p>\n<p>Steinbach Erlanger Porter<\/p>\n<p>Dunkel und malzbetont zeigt sich auch eine oberg\u00e4rige Neuheit der Steinbach Br\u00e4u: Ein mit dunklem Weizenkaramellmalz, hellem Weizenmalz, dunklem und hellem Gerstenmalz, Gerstenr\u00f6stmalz, etwas Hafermalz und der Aromahopfensorte Hallertauer Tradition gebrautes Spezialbier, das mit Fermentis Ale-Hefe vergoren wurde. Die 13,8 % Stammw\u00fcrze bringen etwa 5,4 % vol. alc. zu Tage, die das fruchtige Bier charaktervoll abrunden.<\/p>\n<p>&nbsp;<\/p>\n<p>Egal, ob ein Unterg\u00e4riges aus der Erlanger Neustadt oder ein Oberg\u00e4riges aus der Erlanger Altstadt \u2013 beide Erlanger Brauereien haben Bestes geleistet, damit uns der herbstliche Tr\u00fcbsinn nicht \u00fcbermannt. In diesem Sinne auf Ihr Wohlergehen!<\/p>\n","protected":false},"excerpt":{"rendered":"<p>Herbst 2015 \u2013 Die Tage werden k\u00fcrzer, die N\u00e4chte l\u00e4nger, im Oktober kriecht schon die erste Winterk\u00e4lte in die Kleider: Gut, dass sich die beiden Erlanger Brauereien Kitzmann und Steinbach wieder zu ganz besonderen Bierkreationen entschlossen haben, die den Herbst versch\u00f6nern. &nbsp; Kitzmann\u00a0Bayrisch M\u00e4rzen Nach fast einem Vierteljahrhundert Pause wurde das unterg\u00e4rige Kultbier im Herbst &hellip; <a href=\"https:\/\/www.erlanger.de\/?p=2462\" class=\"more-link\"><span class=\"screen-reader-text\">Herbstliche Spezialbiere aus Erlangen: Bayrisch M\u00e4rzen und Erlanger Porter<\/span> weiterlesen <span class=\"meta-nav\">&rarr;<\/span><\/a><\/p>\n","protected":false},"author":2,"featured_media":2491,"comment_status":"closed","ping_status":"closed","sticky":false,"template":"","format":"standard","meta":{"ngg_post_thumbnail":0,"footnotes":""},"categories":[6],"tags":[322,26,373,374,375,210,404],"class_list":["post-2462","post","type-post","status-publish","format-standard","has-post-thumbnail","hentry","category-aktuelles","tag-bayrisch-maerzen","tag-erlanger","tag-erlanger-porter","tag-erlanger-spezialbiere","tag-herbst","tag-kitzmann-brau","tag-steinbach-brau"],"_links":{"self":[{"href":"https:\/\/www.erlanger.de\/index.php?rest_route=\/wp\/v2\/posts\/2462","targetHints":{"allow":["GET"]}}],"collection":[{"href":"https:\/\/www.erlanger.de\/index.php?rest_route=\/wp\/v2\/posts"}],"about":[{"href":"https:\/\/www.erlanger.de\/index.php?rest_route=\/wp\/v2\/types\/post"}],"author":[{"embeddable":true,"href":"https:\/\/www.erlanger.de\/index.php?rest_route=\/wp\/v2\/users\/2"}],"replies":[{"embeddable":true,"href":"https:\/\/www.erlanger.de\/index.php?rest_route=%2Fwp%2Fv2%2Fcomments&post=2462"}],"version-history":[{"count":3,"href":"https:\/\/www.erlanger.de\/index.php?rest_route=\/wp\/v2\/posts\/2462\/revisions"}],"predecessor-version":[{"id":2466,"href":"https:\/\/www.erlanger.de\/index.php?rest_route=\/wp\/v2\/posts\/2462\/revisions\/2466"}],"wp:featuredmedia":[{"embeddable":true,"href":"https:\/\/www.erlanger.de\/index.php?rest_route=\/wp\/v2\/media\/2491"}],"wp:attachment":[{"href":"https:\/\/www.erlanger.de\/index.php?rest_route=%2Fwp%2Fv2%2Fmedia&parent=2462"}],"wp:term":[{"taxonomy":"category","embeddable":true,"href":"https:\/\/www.erlanger.de\/index.php?rest_route=%2Fwp%2Fv2%2Fcategories&post=2462"},{"taxonomy":"post_tag","embeddable":true,"href":"https:\/\/www.erlanger.de\/index.php?rest_route=%2Fwp%2Fv2%2Ftags&post=2462"}],"curies":[{"name":"wp","href":"https:\/\/api.w.org\/{rel}","templated":true}]}}