{"id":806,"date":"2011-11-27T19:34:04","date_gmt":"2011-11-27T18:34:04","guid":{"rendered":"http:\/\/wordpress.erlanger.de\/?p=806"},"modified":"2012-04-30T19:42:11","modified_gmt":"2012-04-30T18:42:11","slug":"150-jahre-in-familienhand-die-malzerei-und-brauerei-steinbach","status":"publish","type":"post","link":"https:\/\/www.erlanger.de\/?p=806","title":{"rendered":"150 Jahre in Familienhand: Die M\u00e4lzerei und Brauerei Steinbach"},"content":{"rendered":"<p>Am 1. Adventssonntag, 27. November 2011, hatte die Familie Gewalt in ihr Brauereimuseum an der Vierzigmannstra\u00dfe geladen, um zusammen mit etwa 60 G\u00e4sten 150 Jahre Familienbautradition zu feiern. Mit dabei u.a. der Bayerische Innenminister Joachim Herrmann, Erlangens Oberb\u00fcrgermeister Dr. Siegfried Balleis und Stadtarchivar Dr. Andreas Jakob, der in einer vielgelobten launigen Rede Erlangen, das Bier und die Steinbach Br\u00e4u hochleben lie\u00df. Zu diesem Jubil\u00e4um, das sich auf das Jahr 1861 bezog, als Carl Steinbach den Eheleuten Bechert die Brauerei am Bayreuther Tor f\u00fcr 31.000 Gulden abkaufte, hatten sich die Braumeister Christoph Gewalt und Roman Gause ein ganz besonderes Festbier ausgedacht: Die oberg\u00e4rige Hopfenkrone, die mit dem Aroma der drei Edelhopfensorten Opal, Smaragd und Saphir den Biergenie\u00dfergaumen bestach. Der im Dekoktionsverfahren (eine Teilmaische) hergestellte hopfenfruchtige Trunk erreichte bei 13,4 % Stammw\u00fcrze einen Alkoholgehalt von etwa 5,5 % vol.<\/p>\nngg_shortcode_0_placeholder\n","protected":false},"excerpt":{"rendered":"<p>Am 1. Adventssonntag, 27. November 2011, hatte die Familie Gewalt in ihr Brauereimuseum an der Vierzigmannstra\u00dfe geladen, um zusammen mit etwa 60 G\u00e4sten 150 Jahre Familienbautradition zu feiern. Mit dabei u.a. der Bayerische Innenminister Joachim Herrmann, Erlangens Oberb\u00fcrgermeister Dr. Siegfried Balleis und Stadtarchivar Dr. Andreas Jakob, der in einer vielgelobten launigen Rede Erlangen, das Bier &hellip; <a href=\"https:\/\/www.erlanger.de\/?p=806\" class=\"more-link\"><span class=\"screen-reader-text\">150 Jahre in Familienhand: Die M\u00e4lzerei und Brauerei Steinbach<\/span> weiterlesen <span class=\"meta-nav\">&rarr;<\/span><\/a><\/p>\n","protected":false},"author":3,"featured_media":861,"comment_status":"closed","ping_status":"closed","sticky":false,"template":"","format":"standard","meta":{"ngg_post_thumbnail":0,"footnotes":""},"categories":[6],"tags":[73,391,60,65,63,64],"class_list":["post-806","post","type-post","status-publish","format-standard","has-post-thumbnail","hentry","category-aktuelles","tag-brauerei","tag-erlangen","tag-jubilaum","tag-malzerei","tag-steinbach","tag-storchenbier"],"_links":{"self":[{"href":"https:\/\/www.erlanger.de\/index.php?rest_route=\/wp\/v2\/posts\/806","targetHints":{"allow":["GET"]}}],"collection":[{"href":"https:\/\/www.erlanger.de\/index.php?rest_route=\/wp\/v2\/posts"}],"about":[{"href":"https:\/\/www.erlanger.de\/index.php?rest_route=\/wp\/v2\/types\/post"}],"author":[{"embeddable":true,"href":"https:\/\/www.erlanger.de\/index.php?rest_route=\/wp\/v2\/users\/3"}],"replies":[{"embeddable":true,"href":"https:\/\/www.erlanger.de\/index.php?rest_route=%2Fwp%2Fv2%2Fcomments&post=806"}],"version-history":[{"count":9,"href":"https:\/\/www.erlanger.de\/index.php?rest_route=\/wp\/v2\/posts\/806\/revisions"}],"predecessor-version":[{"id":957,"href":"https:\/\/www.erlanger.de\/index.php?rest_route=\/wp\/v2\/posts\/806\/revisions\/957"}],"wp:featuredmedia":[{"embeddable":true,"href":"https:\/\/www.erlanger.de\/index.php?rest_route=\/wp\/v2\/media\/861"}],"wp:attachment":[{"href":"https:\/\/www.erlanger.de\/index.php?rest_route=%2Fwp%2Fv2%2Fmedia&parent=806"}],"wp:term":[{"taxonomy":"category","embeddable":true,"href":"https:\/\/www.erlanger.de\/index.php?rest_route=%2Fwp%2Fv2%2Fcategories&post=806"},{"taxonomy":"post_tag","embeddable":true,"href":"https:\/\/www.erlanger.de\/index.php?rest_route=%2Fwp%2Fv2%2Ftags&post=806"}],"curies":[{"name":"wp","href":"https:\/\/api.w.org\/{rel}","templated":true}]}}